{"id":17322,"date":"2018-03-07T09:07:12","date_gmt":"2018-03-07T08:07:12","guid":{"rendered":"https:\/\/bre-trafo.de\/aprovacao-total-ul\/"},"modified":"2025-11-26T11:26:00","modified_gmt":"2025-11-26T10:26:00","slug":"aprovacao-total-ul","status":"publish","type":"post","link":"https:\/\/bre-trafo.de\/pt\/aprovacao-total-ul\/","title":{"rendered":"Aprova\u00e7\u00e3o total UL"},"content":{"rendered":"<p>Bem-vindo \u00e0 vers\u00e3o alem\u00e3 do WordPress. Este \u00e9 o primeiro post. Pode edit\u00e1-lo ou apag\u00e1-lo. E depois comece a escrever!   <\/p>\n","protected":false},"excerpt":{"rendered":"<p>Bem-vindo \u00e0 vers\u00e3o alem\u00e3 do WordPress. Este \u00e9 o primeiro post. Pode edit\u00e1-lo ou apag\u00e1-lo. E depois comece a escrever!<\/p>\n","protected":false},"author":6,"featured_media":0,"comment_status":"closed","ping_status":"open","sticky":false,"template":"","format":"standard","meta":{"_acf_changed":false,"footnotes":""},"categories":[63],"tags":[],"class_list":["post-17322","post","type-post","status-publish","format-standard","hentry","category-geral"],"acf":[],"yoast_head":"<!-- This site is optimized with the Yoast SEO plugin v27.5 - https:\/\/yoast.com\/product\/yoast-seo-wordpress\/ -->\n<title>Aprova\u00e7\u00e3o total UL - Breimer-Roth Transformatoren<\/title>\n<meta name=\"robots\" content=\"index, follow, max-snippet:-1, max-image-preview:large, max-video-preview:-1\" \/>\n<link rel=\"canonical\" href=\"https:\/\/bre-trafo.de\/pt\/aprovacao-total-ul\/\" \/>\n<meta property=\"og:locale\" content=\"pt_PT\" \/>\n<meta property=\"og:type\" content=\"article\" \/>\n<meta property=\"og:title\" content=\"Aprova\u00e7\u00e3o total UL - Breimer-Roth Transformatoren\" \/>\n<meta property=\"og:description\" content=\"Bem-vindo \u00e0 vers\u00e3o alem\u00e3 do WordPress. Este \u00e9 o primeiro post. Pode edit\u00e1-lo ou apag\u00e1-lo. E depois comece a escrever!\" \/>\n<meta property=\"og:url\" content=\"https:\/\/bre-trafo.de\/pt\/aprovacao-total-ul\/\" \/>\n<meta property=\"og:site_name\" content=\"Breimer-Roth Transformatoren\" \/>\n<meta property=\"article:published_time\" content=\"2018-03-07T08:07:12+00:00\" \/>\n<meta property=\"article:modified_time\" content=\"2025-11-26T10:26:00+00:00\" \/>\n<meta name=\"author\" content=\"Arne Cornelius\" \/>\n<meta name=\"twitter:card\" content=\"summary_large_image\" \/>\n<meta name=\"twitter:label1\" content=\"Escrito por\" \/>\n\t<meta name=\"twitter:data1\" content=\"Arne Cornelius\" \/>\n<script type=\"application\/ld+json\" class=\"yoast-schema-graph\">{\"@context\":\"https:\\\/\\\/schema.org\",\"@graph\":[{\"@type\":\"Article\",\"@id\":\"https:\\\/\\\/bre-trafo.de\\\/pt\\\/aprovacao-total-ul\\\/#article\",\"isPartOf\":{\"@id\":\"https:\\\/\\\/bre-trafo.de\\\/pt\\\/aprovacao-total-ul\\\/\"},\"author\":{\"name\":\"Arne Cornelius\",\"@id\":\"https:\\\/\\\/bre-trafo.de\\\/pt\\\/#\\\/schema\\\/person\\\/2020c1df53deec4267d4bd4609452699\"},\"headline\":\"Aprova\u00e7\u00e3o total UL\",\"datePublished\":\"2018-03-07T08:07:12+00:00\",\"dateModified\":\"2025-11-26T10:26:00+00:00\",\"mainEntityOfPage\":{\"@id\":\"https:\\\/\\\/bre-trafo.de\\\/pt\\\/aprovacao-total-ul\\\/\"},\"wordCount\":25,\"publisher\":{\"@id\":\"https:\\\/\\\/bre-trafo.de\\\/pt\\\/#organization\"},\"articleSection\":[\"Geral\"],\"inLanguage\":\"pt-PT\"},{\"@type\":\"WebPage\",\"@id\":\"https:\\\/\\\/bre-trafo.de\\\/pt\\\/aprovacao-total-ul\\\/\",\"url\":\"https:\\\/\\\/bre-trafo.de\\\/pt\\\/aprovacao-total-ul\\\/\",\"name\":\"Aprova\u00e7\u00e3o total UL - Breimer-Roth Transformatoren\",\"isPartOf\":{\"@id\":\"https:\\\/\\\/bre-trafo.de\\\/pt\\\/#website\"},\"datePublished\":\"2018-03-07T08:07:12+00:00\",\"dateModified\":\"2025-11-26T10:26:00+00:00\",\"breadcrumb\":{\"@id\":\"https:\\\/\\\/bre-trafo.de\\\/pt\\\/aprovacao-total-ul\\\/#breadcrumb\"},\"inLanguage\":\"pt-PT\",\"potentialAction\":[{\"@type\":\"ReadAction\",\"target\":[\"https:\\\/\\\/bre-trafo.de\\\/pt\\\/aprovacao-total-ul\\\/\"]}]},{\"@type\":\"BreadcrumbList\",\"@id\":\"https:\\\/\\\/bre-trafo.de\\\/pt\\\/aprovacao-total-ul\\\/#breadcrumb\",\"itemListElement\":[{\"@type\":\"ListItem\",\"position\":1,\"name\":\"Home\",\"item\":\"https:\\\/\\\/bre-trafo.de\\\/pt\\\/inicio\\\/\"},{\"@type\":\"ListItem\",\"position\":2,\"name\":\"Aprova\u00e7\u00e3o total UL\"}]},{\"@type\":\"WebSite\",\"@id\":\"https:\\\/\\\/bre-trafo.de\\\/pt\\\/#website\",\"url\":\"https:\\\/\\\/bre-trafo.de\\\/pt\\\/\",\"name\":\"Breimer-Roth Transformatoren\",\"description\":\"Trafo Hersteller\",\"publisher\":{\"@id\":\"https:\\\/\\\/bre-trafo.de\\\/pt\\\/#organization\"},\"potentialAction\":[{\"@type\":\"SearchAction\",\"target\":{\"@type\":\"EntryPoint\",\"urlTemplate\":\"https:\\\/\\\/bre-trafo.de\\\/pt\\\/?s={search_term_string}\"},\"query-input\":{\"@type\":\"PropertyValueSpecification\",\"valueRequired\":true,\"valueName\":\"search_term_string\"}}],\"inLanguage\":\"pt-PT\"},{\"@type\":\"Organization\",\"@id\":\"https:\\\/\\\/bre-trafo.de\\\/pt\\\/#organization\",\"name\":\"Breimer-Roth Transformatoren Erbach\",\"url\":\"https:\\\/\\\/bre-trafo.de\\\/pt\\\/\",\"logo\":{\"@type\":\"ImageObject\",\"inLanguage\":\"pt-PT\",\"@id\":\"https:\\\/\\\/bre-trafo.de\\\/pt\\\/#\\\/schema\\\/logo\\\/image\\\/\",\"url\":\"https:\\\/\\\/bre-trafo.de\\\/wp-content\\\/uploads\\\/2025\\\/01\\\/Breimer-Roth-Sonderlogo_farbig.svg\",\"contentUrl\":\"https:\\\/\\\/bre-trafo.de\\\/wp-content\\\/uploads\\\/2025\\\/01\\\/Breimer-Roth-Sonderlogo_farbig.svg\",\"caption\":\"Breimer-Roth Transformatoren Erbach\"},\"image\":{\"@id\":\"https:\\\/\\\/bre-trafo.de\\\/pt\\\/#\\\/schema\\\/logo\\\/image\\\/\"}},{\"@type\":\"Person\",\"@id\":\"https:\\\/\\\/bre-trafo.de\\\/pt\\\/#\\\/schema\\\/person\\\/2020c1df53deec4267d4bd4609452699\",\"name\":\"Arne Cornelius\",\"image\":{\"@type\":\"ImageObject\",\"inLanguage\":\"pt-PT\",\"@id\":\"https:\\\/\\\/secure.gravatar.com\\\/avatar\\\/f2f0f61a422afbc3f1bf1aa9839858bfe46d08195665c99c4032f63211f65ac5?s=96&d=mm&r=g\",\"url\":\"https:\\\/\\\/secure.gravatar.com\\\/avatar\\\/f2f0f61a422afbc3f1bf1aa9839858bfe46d08195665c99c4032f63211f65ac5?s=96&d=mm&r=g\",\"contentUrl\":\"https:\\\/\\\/secure.gravatar.com\\\/avatar\\\/f2f0f61a422afbc3f1bf1aa9839858bfe46d08195665c99c4032f63211f65ac5?s=96&d=mm&r=g\",\"caption\":\"Arne Cornelius\"}}]}<\/script>\n<!-- \/ Yoast SEO plugin. -->","yoast_head_json":{"title":"Aprova\u00e7\u00e3o total UL - Breimer-Roth Transformatoren","robots":{"index":"index","follow":"follow","max-snippet":"max-snippet:-1","max-image-preview":"max-image-preview:large","max-video-preview":"max-video-preview:-1"},"canonical":"https:\/\/bre-trafo.de\/pt\/aprovacao-total-ul\/","og_locale":"pt_PT","og_type":"article","og_title":"Aprova\u00e7\u00e3o total UL - Breimer-Roth Transformatoren","og_description":"Bem-vindo \u00e0 vers\u00e3o alem\u00e3 do WordPress. Este \u00e9 o primeiro post. Pode edit\u00e1-lo ou apag\u00e1-lo. E depois comece a escrever!","og_url":"https:\/\/bre-trafo.de\/pt\/aprovacao-total-ul\/","og_site_name":"Breimer-Roth Transformatoren","article_published_time":"2018-03-07T08:07:12+00:00","article_modified_time":"2025-11-26T10:26:00+00:00","author":"Arne Cornelius","twitter_card":"summary_large_image","twitter_misc":{"Escrito por":"Arne Cornelius"},"schema":{"@context":"https:\/\/schema.org","@graph":[{"@type":"Article","@id":"https:\/\/bre-trafo.de\/pt\/aprovacao-total-ul\/#article","isPartOf":{"@id":"https:\/\/bre-trafo.de\/pt\/aprovacao-total-ul\/"},"author":{"name":"Arne Cornelius","@id":"https:\/\/bre-trafo.de\/pt\/#\/schema\/person\/2020c1df53deec4267d4bd4609452699"},"headline":"Aprova\u00e7\u00e3o total UL","datePublished":"2018-03-07T08:07:12+00:00","dateModified":"2025-11-26T10:26:00+00:00","mainEntityOfPage":{"@id":"https:\/\/bre-trafo.de\/pt\/aprovacao-total-ul\/"},"wordCount":25,"publisher":{"@id":"https:\/\/bre-trafo.de\/pt\/#organization"},"articleSection":["Geral"],"inLanguage":"pt-PT"},{"@type":"WebPage","@id":"https:\/\/bre-trafo.de\/pt\/aprovacao-total-ul\/","url":"https:\/\/bre-trafo.de\/pt\/aprovacao-total-ul\/","name":"Aprova\u00e7\u00e3o total UL - Breimer-Roth Transformatoren","isPartOf":{"@id":"https:\/\/bre-trafo.de\/pt\/#website"},"datePublished":"2018-03-07T08:07:12+00:00","dateModified":"2025-11-26T10:26:00+00:00","breadcrumb":{"@id":"https:\/\/bre-trafo.de\/pt\/aprovacao-total-ul\/#breadcrumb"},"inLanguage":"pt-PT","potentialAction":[{"@type":"ReadAction","target":["https:\/\/bre-trafo.de\/pt\/aprovacao-total-ul\/"]}]},{"@type":"BreadcrumbList","@id":"https:\/\/bre-trafo.de\/pt\/aprovacao-total-ul\/#breadcrumb","itemListElement":[{"@type":"ListItem","position":1,"name":"Home","item":"https:\/\/bre-trafo.de\/pt\/inicio\/"},{"@type":"ListItem","position":2,"name":"Aprova\u00e7\u00e3o total UL"}]},{"@type":"WebSite","@id":"https:\/\/bre-trafo.de\/pt\/#website","url":"https:\/\/bre-trafo.de\/pt\/","name":"Breimer-Roth Transformatoren","description":"Trafo Hersteller","publisher":{"@id":"https:\/\/bre-trafo.de\/pt\/#organization"},"potentialAction":[{"@type":"SearchAction","target":{"@type":"EntryPoint","urlTemplate":"https:\/\/bre-trafo.de\/pt\/?s={search_term_string}"},"query-input":{"@type":"PropertyValueSpecification","valueRequired":true,"valueName":"search_term_string"}}],"inLanguage":"pt-PT"},{"@type":"Organization","@id":"https:\/\/bre-trafo.de\/pt\/#organization","name":"Breimer-Roth Transformatoren Erbach","url":"https:\/\/bre-trafo.de\/pt\/","logo":{"@type":"ImageObject","inLanguage":"pt-PT","@id":"https:\/\/bre-trafo.de\/pt\/#\/schema\/logo\/image\/","url":"https:\/\/bre-trafo.de\/wp-content\/uploads\/2025\/01\/Breimer-Roth-Sonderlogo_farbig.svg","contentUrl":"https:\/\/bre-trafo.de\/wp-content\/uploads\/2025\/01\/Breimer-Roth-Sonderlogo_farbig.svg","caption":"Breimer-Roth Transformatoren Erbach"},"image":{"@id":"https:\/\/bre-trafo.de\/pt\/#\/schema\/logo\/image\/"}},{"@type":"Person","@id":"https:\/\/bre-trafo.de\/pt\/#\/schema\/person\/2020c1df53deec4267d4bd4609452699","name":"Arne Cornelius","image":{"@type":"ImageObject","inLanguage":"pt-PT","@id":"https:\/\/secure.gravatar.com\/avatar\/f2f0f61a422afbc3f1bf1aa9839858bfe46d08195665c99c4032f63211f65ac5?s=96&d=mm&r=g","url":"https:\/\/secure.gravatar.com\/avatar\/f2f0f61a422afbc3f1bf1aa9839858bfe46d08195665c99c4032f63211f65ac5?s=96&d=mm&r=g","contentUrl":"https:\/\/secure.gravatar.com\/avatar\/f2f0f61a422afbc3f1bf1aa9839858bfe46d08195665c99c4032f63211f65ac5?s=96&d=mm&r=g","caption":"Arne Cornelius"}}]}},"_links":{"self":[{"href":"https:\/\/bre-trafo.de\/pt\/wp-json\/wp\/v2\/posts\/17322","targetHints":{"allow":["GET"]}}],"collection":[{"href":"https:\/\/bre-trafo.de\/pt\/wp-json\/wp\/v2\/posts"}],"about":[{"href":"https:\/\/bre-trafo.de\/pt\/wp-json\/wp\/v2\/types\/post"}],"author":[{"embeddable":true,"href":"https:\/\/bre-trafo.de\/pt\/wp-json\/wp\/v2\/users\/6"}],"replies":[{"embeddable":true,"href":"https:\/\/bre-trafo.de\/pt\/wp-json\/wp\/v2\/comments?post=17322"}],"version-history":[{"count":1,"href":"https:\/\/bre-trafo.de\/pt\/wp-json\/wp\/v2\/posts\/17322\/revisions"}],"predecessor-version":[{"id":19870,"href":"https:\/\/bre-trafo.de\/pt\/wp-json\/wp\/v2\/posts\/17322\/revisions\/19870"}],"wp:attachment":[{"href":"https:\/\/bre-trafo.de\/pt\/wp-json\/wp\/v2\/media?parent=17322"}],"wp:term":[{"taxonomy":"category","embeddable":true,"href":"https:\/\/bre-trafo.de\/pt\/wp-json\/wp\/v2\/categories?post=17322"},{"taxonomy":"post_tag","embeddable":true,"href":"https:\/\/bre-trafo.de\/pt\/wp-json\/wp\/v2\/tags?post=17322"}],"curies":[{"name":"wp","href":"https:\/\/api.w.org\/{rel}","templated":true}]}}